{"id":5375,"date":"2024-09-18T20:00:00","date_gmt":"2024-09-18T18:00:00","guid":{"rendered":"https:\/\/1000kmnuerburgring.de\/?p=5375"},"modified":"2024-09-18T18:32:28","modified_gmt":"2024-09-18T16:32:28","slug":"trauer-um-karin-koelzer","status":"publish","type":"post","link":"https:\/\/1000kmnuerburgring.de\/en\/2024\/09\/18\/trauer-um-karin-koelzer\/","title":{"rendered":"Mourning for Karin K\u00f6lzer"},"content":{"rendered":"<p>Dear friends of motorsport,<\/p>\n\n\n\n<p>we have to sadly inform you today that Mrs Karin K\u00f6lzer passed away on 17 September 2024. The fact that Karin was rarely present in recent weeks and months has not gone unnoticed by you.<\/p>\n\n\n\n<p>It is difficult for us to find the right words, because Karin's death leaves a void that will not be easy to fill. We will simply miss Karin. But today we would like to speak not only in sorrow, but also in gratitude. Gratitude for all that she gave us in her life - both professionally and personally. We had assumed that Karin's illness would be brought under control. She passed away peacefully on Tuesday in the presence of her husband Jo Schmitz.<\/p>\n\n\n\n<p>In the many conversations we have had, Karin has repeatedly expressed one wish, namely that we continue with the ADAC 1000 km race, the N\u00fcrburgring Classic and the Youngtimer Trophy as we started years ago.<\/p>\n\n\n\n<p>We want to fulfil her wish and let her live on in our memories as someone who lived her passion for motorsport to the very last moment.<\/p>\n\n\n\n<p>In silent mourning<br>Henning and Stefan<\/p>","protected":false},"excerpt":{"rendered":"<p>Wir m\u00fcssen heute die traurige Mitteilung machen, dass Frau Karin K\u00f6lzer am 17.09.2024 verstorben ist. Karin&#8217;s Tod hinterl\u00e4sst eine Leere, die nicht leicht zu f\u00fcllen sein wird. Karin wird uns einfach nur fehlen. Neben aller Trauer bleibt auch die Dankbarkeit f\u00fcr all das, was sie uns in ihrem Leben gegeben hat \u2013 beruflich, wie auch pers\u00f6nlich.<\/p>","protected":false},"author":1,"featured_media":5374,"comment_status":"closed","ping_status":"closed","sticky":false,"template":"","format":"standard","meta":{"neve_meta_sidebar":"","neve_meta_container":"","neve_meta_enable_content_width":"","neve_meta_content_width":0,"neve_meta_title_alignment":"","neve_meta_author_avatar":"","neve_post_elements_order":"","neve_meta_disable_header":"","neve_meta_disable_footer":"","neve_meta_disable_title":"","neve_meta_reading_time":"","ngg_post_thumbnail":0,"footnotes":""},"categories":[1],"tags":[156,162,164,163,151],"class_list":["post-5375","post","type-post","status-publish","format-standard","has-post-thumbnail","hentry","category-allgemein","tag-1000-km-rennen","tag-karin-koelzer","tag-nuerburgring-classic","tag-trauerfall","tag-youngtimer-trophy"],"yoast_head":"<!-- This site is optimized with the Yoast SEO plugin v27.5 - https:\/\/yoast.com\/product\/yoast-seo-wordpress\/ -->\n<title>Trauer um Karin K\u00f6lzer - 1000 km Rennen N\u00fcrburgring<\/title>\n<meta name=\"description\" content=\"Wer sie noch nicht hat: M\u00f6glichkeit zum Permit C Lehrgang am Freitag vor dem Rennen f\u00fcr Teilnehmer des 1000km Rennens.\" \/>\n<meta name=\"robots\" content=\"index, follow, max-snippet:-1, max-image-preview:large, max-video-preview:-1\" \/>\n<link rel=\"canonical\" href=\"https:\/\/1000kmnuerburgring.de\/en\/2024\/09\/18\/trauer-um-karin-koelzer\/\" \/>\n<meta property=\"og:locale\" content=\"en_GB\" \/>\n<meta property=\"og:type\" content=\"article\" \/>\n<meta property=\"og:title\" content=\"Trauer um Karin K\u00f6lzer - 1000 km Rennen N\u00fcrburgring\" \/>\n<meta property=\"og:description\" content=\"Wer sie noch nicht hat: M\u00f6glichkeit zum Permit C Lehrgang am Freitag vor dem Rennen f\u00fcr Teilnehmer des 1000km Rennens.\" \/>\n<meta property=\"og:url\" content=\"https:\/\/1000kmnuerburgring.de\/en\/2024\/09\/18\/trauer-um-karin-koelzer\/\" \/>\n<meta property=\"og:site_name\" content=\"1000 km Rennen N\u00fcrburgring\" \/>\n<meta property=\"article:publisher\" content=\"https:\/\/www.facebook.com\/1000kmnuerburgring\" \/>\n<meta property=\"article:published_time\" content=\"2024-09-18T18:00:00+00:00\" \/>\n<meta property=\"og:image\" content=\"https:\/\/1000kmnuerburgring.de\/wp-content\/uploads\/2024\/09\/170616-Nuerburgring-Classic-090.jpg\" \/>\n\t<meta property=\"og:image:width\" content=\"1600\" \/>\n\t<meta property=\"og:image:height\" content=\"1067\" \/>\n\t<meta property=\"og:image:type\" content=\"image\/jpeg\" \/>\n<meta name=\"author\" content=\"1000admin\" \/>\n<script type=\"application\/ld+json\" class=\"yoast-schema-graph\">{\"@context\":\"https:\\\/\\\/schema.org\",\"@graph\":[{\"@type\":\"Article\",\"@id\":\"https:\\\/\\\/1000kmnuerburgring.de\\\/2024\\\/09\\\/18\\\/trauer-um-karin-koelzer\\\/#article\",\"isPartOf\":{\"@id\":\"https:\\\/\\\/1000kmnuerburgring.de\\\/2024\\\/09\\\/18\\\/trauer-um-karin-koelzer\\\/\"},\"author\":{\"name\":\"1000admin\",\"@id\":\"https:\\\/\\\/1000kmnuerburgring.de\\\/#\\\/schema\\\/person\\\/954ac4f18afee9ab18f77e60c456ac67\"},\"headline\":\"Trauer um Karin K\u00f6lzer\",\"datePublished\":\"2024-09-18T18:00:00+00:00\",\"mainEntityOfPage\":{\"@id\":\"https:\\\/\\\/1000kmnuerburgring.de\\\/2024\\\/09\\\/18\\\/trauer-um-karin-koelzer\\\/\"},\"wordCount\":211,\"publisher\":{\"@id\":\"https:\\\/\\\/1000kmnuerburgring.de\\\/#organization\"},\"image\":{\"@id\":\"https:\\\/\\\/1000kmnuerburgring.de\\\/2024\\\/09\\\/18\\\/trauer-um-karin-koelzer\\\/#primaryimage\"},\"thumbnailUrl\":\"https:\\\/\\\/1000kmnuerburgring.de\\\/wp-content\\\/uploads\\\/2024\\\/09\\\/170616-Nuerburgring-Classic-090.jpg\",\"keywords\":[\"1000 km Rennen\",\"Karin K\u00f6lzer\",\"N\u00fcrburgring Classic\",\"Trauerfall\",\"Youngtimer Trophy\"],\"articleSection\":[\"Allgemein\"],\"inLanguage\":\"en-GB\"},{\"@type\":\"WebPage\",\"@id\":\"https:\\\/\\\/1000kmnuerburgring.de\\\/2024\\\/09\\\/18\\\/trauer-um-karin-koelzer\\\/\",\"url\":\"https:\\\/\\\/1000kmnuerburgring.de\\\/2024\\\/09\\\/18\\\/trauer-um-karin-koelzer\\\/\",\"name\":\"Trauer um Karin K\u00f6lzer - 1000 km Rennen N\u00fcrburgring\",\"isPartOf\":{\"@id\":\"https:\\\/\\\/1000kmnuerburgring.de\\\/#website\"},\"primaryImageOfPage\":{\"@id\":\"https:\\\/\\\/1000kmnuerburgring.de\\\/2024\\\/09\\\/18\\\/trauer-um-karin-koelzer\\\/#primaryimage\"},\"image\":{\"@id\":\"https:\\\/\\\/1000kmnuerburgring.de\\\/2024\\\/09\\\/18\\\/trauer-um-karin-koelzer\\\/#primaryimage\"},\"thumbnailUrl\":\"https:\\\/\\\/1000kmnuerburgring.de\\\/wp-content\\\/uploads\\\/2024\\\/09\\\/170616-Nuerburgring-Classic-090.jpg\",\"datePublished\":\"2024-09-18T18:00:00+00:00\",\"description\":\"Wer sie noch nicht hat: M\u00f6glichkeit zum Permit C Lehrgang am Freitag vor dem Rennen f\u00fcr Teilnehmer des 1000km Rennens.\",\"breadcrumb\":{\"@id\":\"https:\\\/\\\/1000kmnuerburgring.de\\\/2024\\\/09\\\/18\\\/trauer-um-karin-koelzer\\\/#breadcrumb\"},\"inLanguage\":\"en-GB\",\"potentialAction\":[{\"@type\":\"ReadAction\",\"target\":[\"https:\\\/\\\/1000kmnuerburgring.de\\\/2024\\\/09\\\/18\\\/trauer-um-karin-koelzer\\\/\"]}]},{\"@type\":\"ImageObject\",\"inLanguage\":\"en-GB\",\"@id\":\"https:\\\/\\\/1000kmnuerburgring.de\\\/2024\\\/09\\\/18\\\/trauer-um-karin-koelzer\\\/#primaryimage\",\"url\":\"https:\\\/\\\/1000kmnuerburgring.de\\\/wp-content\\\/uploads\\\/2024\\\/09\\\/170616-Nuerburgring-Classic-090.jpg\",\"contentUrl\":\"https:\\\/\\\/1000kmnuerburgring.de\\\/wp-content\\\/uploads\\\/2024\\\/09\\\/170616-Nuerburgring-Classic-090.jpg\",\"width\":1600,\"height\":1067},{\"@type\":\"BreadcrumbList\",\"@id\":\"https:\\\/\\\/1000kmnuerburgring.de\\\/2024\\\/09\\\/18\\\/trauer-um-karin-koelzer\\\/#breadcrumb\",\"itemListElement\":[{\"@type\":\"ListItem\",\"position\":1,\"name\":\"Startseite\",\"item\":\"https:\\\/\\\/1000kmnuerburgring.de\\\/\"},{\"@type\":\"ListItem\",\"position\":2,\"name\":\"Trauer um Karin K\u00f6lzer\"}]},{\"@type\":\"WebSite\",\"@id\":\"https:\\\/\\\/1000kmnuerburgring.de\\\/#website\",\"url\":\"https:\\\/\\\/1000kmnuerburgring.de\\\/\",\"name\":\"1000 km Rennen N\u00fcrburgring\",\"description\":\"Das Revival des Langstrecken-Klassikers am N\u00fcrburgring! 19. - 21. September 2025\",\"publisher\":{\"@id\":\"https:\\\/\\\/1000kmnuerburgring.de\\\/#organization\"},\"potentialAction\":[{\"@type\":\"SearchAction\",\"target\":{\"@type\":\"EntryPoint\",\"urlTemplate\":\"https:\\\/\\\/1000kmnuerburgring.de\\\/?s={search_term_string}\"},\"query-input\":{\"@type\":\"PropertyValueSpecification\",\"valueRequired\":true,\"valueName\":\"search_term_string\"}}],\"inLanguage\":\"en-GB\"},{\"@type\":\"Organization\",\"@id\":\"https:\\\/\\\/1000kmnuerburgring.de\\\/#organization\",\"name\":\"ADAC 1000 Kilometer Rennen\",\"url\":\"https:\\\/\\\/1000kmnuerburgring.de\\\/\",\"logo\":{\"@type\":\"ImageObject\",\"inLanguage\":\"en-GB\",\"@id\":\"https:\\\/\\\/1000kmnuerburgring.de\\\/#\\\/schema\\\/logo\\\/image\\\/\",\"url\":\"https:\\\/\\\/1000kmnuerburgring.de\\\/wp-content\\\/uploads\\\/2020\\\/06\\\/Logo.png\",\"contentUrl\":\"https:\\\/\\\/1000kmnuerburgring.de\\\/wp-content\\\/uploads\\\/2020\\\/06\\\/Logo.png\",\"width\":250,\"height\":170,\"caption\":\"ADAC 1000 Kilometer Rennen\"},\"image\":{\"@id\":\"https:\\\/\\\/1000kmnuerburgring.de\\\/#\\\/schema\\\/logo\\\/image\\\/\"},\"sameAs\":[\"https:\\\/\\\/www.facebook.com\\\/1000kmnuerburgring\",\"https:\\\/\\\/www.instagram.com\\\/1000kmnuerburgring\\\/\"]},{\"@type\":\"Person\",\"@id\":\"https:\\\/\\\/1000kmnuerburgring.de\\\/#\\\/schema\\\/person\\\/954ac4f18afee9ab18f77e60c456ac67\",\"name\":\"1000admin\",\"sameAs\":[\"http:\\\/\\\/adac1000km.de\"]}]}<\/script>\n<!-- \/ Yoast SEO plugin. -->","yoast_head_json":{"title":"Trauer um Karin K\u00f6lzer - 1000 km Rennen N\u00fcrburgring","description":"Wer sie noch nicht hat: M\u00f6glichkeit zum Permit C Lehrgang am Freitag vor dem Rennen f\u00fcr Teilnehmer des 1000km Rennens.","robots":{"index":"index","follow":"follow","max-snippet":"max-snippet:-1","max-image-preview":"max-image-preview:large","max-video-preview":"max-video-preview:-1"},"canonical":"https:\/\/1000kmnuerburgring.de\/en\/2024\/09\/18\/trauer-um-karin-koelzer\/","og_locale":"en_GB","og_type":"article","og_title":"Trauer um Karin K\u00f6lzer - 1000 km Rennen N\u00fcrburgring","og_description":"Wer sie noch nicht hat: M\u00f6glichkeit zum Permit C Lehrgang am Freitag vor dem Rennen f\u00fcr Teilnehmer des 1000km Rennens.","og_url":"https:\/\/1000kmnuerburgring.de\/en\/2024\/09\/18\/trauer-um-karin-koelzer\/","og_site_name":"1000 km Rennen N\u00fcrburgring","article_publisher":"https:\/\/www.facebook.com\/1000kmnuerburgring","article_published_time":"2024-09-18T18:00:00+00:00","og_image":[{"width":1600,"height":1067,"url":"https:\/\/1000kmnuerburgring.de\/wp-content\/uploads\/2024\/09\/170616-Nuerburgring-Classic-090.jpg","type":"image\/jpeg"}],"author":"1000admin","schema":{"@context":"https:\/\/schema.org","@graph":[{"@type":"Article","@id":"https:\/\/1000kmnuerburgring.de\/2024\/09\/18\/trauer-um-karin-koelzer\/#article","isPartOf":{"@id":"https:\/\/1000kmnuerburgring.de\/2024\/09\/18\/trauer-um-karin-koelzer\/"},"author":{"name":"1000admin","@id":"https:\/\/1000kmnuerburgring.de\/#\/schema\/person\/954ac4f18afee9ab18f77e60c456ac67"},"headline":"Trauer um Karin K\u00f6lzer","datePublished":"2024-09-18T18:00:00+00:00","mainEntityOfPage":{"@id":"https:\/\/1000kmnuerburgring.de\/2024\/09\/18\/trauer-um-karin-koelzer\/"},"wordCount":211,"publisher":{"@id":"https:\/\/1000kmnuerburgring.de\/#organization"},"image":{"@id":"https:\/\/1000kmnuerburgring.de\/2024\/09\/18\/trauer-um-karin-koelzer\/#primaryimage"},"thumbnailUrl":"https:\/\/1000kmnuerburgring.de\/wp-content\/uploads\/2024\/09\/170616-Nuerburgring-Classic-090.jpg","keywords":["1000 km Rennen","Karin K\u00f6lzer","N\u00fcrburgring Classic","Trauerfall","Youngtimer Trophy"],"articleSection":["Allgemein"],"inLanguage":"en-GB"},{"@type":"WebPage","@id":"https:\/\/1000kmnuerburgring.de\/2024\/09\/18\/trauer-um-karin-koelzer\/","url":"https:\/\/1000kmnuerburgring.de\/2024\/09\/18\/trauer-um-karin-koelzer\/","name":"Trauer um Karin K\u00f6lzer - 1000 km Rennen N\u00fcrburgring","isPartOf":{"@id":"https:\/\/1000kmnuerburgring.de\/#website"},"primaryImageOfPage":{"@id":"https:\/\/1000kmnuerburgring.de\/2024\/09\/18\/trauer-um-karin-koelzer\/#primaryimage"},"image":{"@id":"https:\/\/1000kmnuerburgring.de\/2024\/09\/18\/trauer-um-karin-koelzer\/#primaryimage"},"thumbnailUrl":"https:\/\/1000kmnuerburgring.de\/wp-content\/uploads\/2024\/09\/170616-Nuerburgring-Classic-090.jpg","datePublished":"2024-09-18T18:00:00+00:00","description":"Wer sie noch nicht hat: M\u00f6glichkeit zum Permit C Lehrgang am Freitag vor dem Rennen f\u00fcr Teilnehmer des 1000km Rennens.","breadcrumb":{"@id":"https:\/\/1000kmnuerburgring.de\/2024\/09\/18\/trauer-um-karin-koelzer\/#breadcrumb"},"inLanguage":"en-GB","potentialAction":[{"@type":"ReadAction","target":["https:\/\/1000kmnuerburgring.de\/2024\/09\/18\/trauer-um-karin-koelzer\/"]}]},{"@type":"ImageObject","inLanguage":"en-GB","@id":"https:\/\/1000kmnuerburgring.de\/2024\/09\/18\/trauer-um-karin-koelzer\/#primaryimage","url":"https:\/\/1000kmnuerburgring.de\/wp-content\/uploads\/2024\/09\/170616-Nuerburgring-Classic-090.jpg","contentUrl":"https:\/\/1000kmnuerburgring.de\/wp-content\/uploads\/2024\/09\/170616-Nuerburgring-Classic-090.jpg","width":1600,"height":1067},{"@type":"BreadcrumbList","@id":"https:\/\/1000kmnuerburgring.de\/2024\/09\/18\/trauer-um-karin-koelzer\/#breadcrumb","itemListElement":[{"@type":"ListItem","position":1,"name":"Startseite","item":"https:\/\/1000kmnuerburgring.de\/"},{"@type":"ListItem","position":2,"name":"Trauer um Karin K\u00f6lzer"}]},{"@type":"WebSite","@id":"https:\/\/1000kmnuerburgring.de\/#website","url":"https:\/\/1000kmnuerburgring.de\/","name":"1000 km Rennen N\u00fcrburgring","description":"Das Revival des Langstrecken-Klassikers am N\u00fcrburgring! 19. - 21. September 2025","publisher":{"@id":"https:\/\/1000kmnuerburgring.de\/#organization"},"potentialAction":[{"@type":"SearchAction","target":{"@type":"EntryPoint","urlTemplate":"https:\/\/1000kmnuerburgring.de\/?s={search_term_string}"},"query-input":{"@type":"PropertyValueSpecification","valueRequired":true,"valueName":"search_term_string"}}],"inLanguage":"en-GB"},{"@type":"Organization","@id":"https:\/\/1000kmnuerburgring.de\/#organization","name":"ADAC 1000 Kilometer Rennen","url":"https:\/\/1000kmnuerburgring.de\/","logo":{"@type":"ImageObject","inLanguage":"en-GB","@id":"https:\/\/1000kmnuerburgring.de\/#\/schema\/logo\/image\/","url":"https:\/\/1000kmnuerburgring.de\/wp-content\/uploads\/2020\/06\/Logo.png","contentUrl":"https:\/\/1000kmnuerburgring.de\/wp-content\/uploads\/2020\/06\/Logo.png","width":250,"height":170,"caption":"ADAC 1000 Kilometer Rennen"},"image":{"@id":"https:\/\/1000kmnuerburgring.de\/#\/schema\/logo\/image\/"},"sameAs":["https:\/\/www.facebook.com\/1000kmnuerburgring","https:\/\/www.instagram.com\/1000kmnuerburgring\/"]},{"@type":"Person","@id":"https:\/\/1000kmnuerburgring.de\/#\/schema\/person\/954ac4f18afee9ab18f77e60c456ac67","name":"1000admin","sameAs":["http:\/\/adac1000km.de"]}]}},"_links":{"self":[{"href":"https:\/\/1000kmnuerburgring.de\/en\/wp-json\/wp\/v2\/posts\/5375","targetHints":{"allow":["GET"]}}],"collection":[{"href":"https:\/\/1000kmnuerburgring.de\/en\/wp-json\/wp\/v2\/posts"}],"about":[{"href":"https:\/\/1000kmnuerburgring.de\/en\/wp-json\/wp\/v2\/types\/post"}],"author":[{"embeddable":true,"href":"https:\/\/1000kmnuerburgring.de\/en\/wp-json\/wp\/v2\/users\/1"}],"replies":[{"embeddable":true,"href":"https:\/\/1000kmnuerburgring.de\/en\/wp-json\/wp\/v2\/comments?post=5375"}],"version-history":[{"count":2,"href":"https:\/\/1000kmnuerburgring.de\/en\/wp-json\/wp\/v2\/posts\/5375\/revisions"}],"predecessor-version":[{"id":5378,"href":"https:\/\/1000kmnuerburgring.de\/en\/wp-json\/wp\/v2\/posts\/5375\/revisions\/5378"}],"wp:featuredmedia":[{"embeddable":true,"href":"https:\/\/1000kmnuerburgring.de\/en\/wp-json\/wp\/v2\/media\/5374"}],"wp:attachment":[{"href":"https:\/\/1000kmnuerburgring.de\/en\/wp-json\/wp\/v2\/media?parent=5375"}],"wp:term":[{"taxonomy":"category","embeddable":true,"href":"https:\/\/1000kmnuerburgring.de\/en\/wp-json\/wp\/v2\/categories?post=5375"},{"taxonomy":"post_tag","embeddable":true,"href":"https:\/\/1000kmnuerburgring.de\/en\/wp-json\/wp\/v2\/tags?post=5375"}],"curies":[{"name":"wp","href":"https:\/\/api.w.org\/{rel}","templated":true}]}}